{"id":1891,"date":"2023-10-24T11:03:57","date_gmt":"2023-10-24T09:03:57","guid":{"rendered":"http:\/\/www.vanderhoffmann.de\/wp\/?p=1891"},"modified":"2023-10-26T12:43:47","modified_gmt":"2023-10-26T10:43:47","slug":"olaf-scholz-waehlt-afd","status":"publish","type":"post","link":"http:\/\/www.vanderhoffmann.de\/wp\/2023\/10\/24\/olaf-scholz-waehlt-afd\/","title":{"rendered":"Olaf Scholz w\u00e4hlt AfD"},"content":{"rendered":"\n<p>Es ist mal wieder Zeit. Eigentlich wimmere ich in puncto Fl\u00fcchtlingspolitik nur noch leise im Familienkreis vor mich hin und habe keine Lust mehr, mich an jedem Aufreger zu beteiligen. Ich ertrage Friedrich Merz, ich ertrage Philipp Amthor, ich ertrage Markus Lanz, (Precht gucke ich mir gar nicht erst an), ich halte Nancy Faeser aus und eigentlich auch alle anderen. Das geht insofern ganz gut, als ich ja nicht betroffen bin, hurra. Und wenn dann so ein Flugblatt kommt, und so eine l\u00e4ssige Nicht-Erkl\u00e4rung wie bei Aiwanger, dann \u00fcberkommt mich einfach das Gef\u00fchl eines kompletten politischen Kontrollverlusts. Die AfD dr\u00e4ngt mehr und mehr in \u00c4mter und ich habe Angst. Wahrscheinlich nicht halb so viel, wie andere Menschen, die sichtbarer auf der Feindesliste stehen.<br><br>Und nun also Olaf Scholz und seine Hammeridee, &#8222;die Probleme&#8220; dadurch zu l\u00f6sen, <a href=\"https:\/\/images.gutefrage.net\/media\/fragen\/bilder\/bundeskanzler-scholz-will-im-grossen-stil-abschieben\/0_full.jpg?v=1697891531000\">&#8222;endlich im gro\u00dfen Stil abzuschieben.&#8220;<\/a> Das ist ja erstmal eine hochinteressante Idee: Wenn (!) die W\u00e4hler_innen mit der Aufnahme von Gefl\u00fcchteten \u00c4ngste oder \u00c4rger empfinden, dann ist die Vorstellung, diese Menschen einfach loszuwerden nat\u00fcrlich reizvoll. Abgesehen von allen moralischen Bedenken lautet die Erz\u00e4hlung dann ungef\u00e4hr so: Wir haben Leute aufgenommen, dann wurde es uns zuviel, und da haben wir dann nach bestimmten Kriterien Leute ausgew\u00e4hlt und die wieder weggeschickt und die sind jetzt auch weg. <\/p>\n\n\n\n<h2 class=\"wp-block-heading\">Was f\u00fcr ein Bl\u00f6dsinn! <\/h2>\n\n\n\n<p>Wir leben in einer globalisierten Welt. Apfelsinen und Billigschuhe bedeuten eben auch, dass die Welt zusammenr\u00fcckt. Wir haben von diesem Zustand massiv profitiert und tun es noch. Eine riesige Ungerechtigkeit. Menschen fliehen vor Kriegen und Zust\u00e4nden, die auch wir durch unsere kolonialen Aktivit\u00e4ten erzeugt haben. Und es werden noch viel mehr Menschen fliehen, wenn der Klimawandel Fahrt aufnimmt. Wir haben mit unseren Emissionen und unserem (Fleisch)-konsum eine Welt gestaltet, in der wir der Fluchtpunkt sind. Je mehr Menschen kommen, desto absurder wird der Abschiebeplan. Dann m\u00fcssen wir uns eben fragen: Wollen wir Gewalt, Bewaffnung, im Ernstfall B\u00fcrgerkrieg? Oder fragen wir uns vielleicht doch besser: Wie gestalten wir diese Situation zusammen?<br><br>Bei unseren Politiker_innen sehe ich leider wenig Bereitschaft, diese Zusammenh\u00e4nge mit den W\u00e4hler_innen zu besprechen. Man macht sich damit nicht beliebt, also greift man lieber zur Merkel-Taktik: Die erz\u00e4hlt bis heute, dass nicht absehbar war, dass 2015 so viele Menschen kommen w\u00fcrden. <a href=\"https:\/\/www.youtube.com\/watch?v=T02B2RqxkMo&amp;t=22s\">Bullshit, Sachverst\u00e4ndige haben das wieder und wieder gesagt.<\/a> Aber die Vorstellung, dass es pl\u00f6tzlich \u00fcber dem Balkan Muslime geregnet haben solle, die h\u00e4lt sich irgendwie hartn\u00e4ckig.<br><\/p>\n\n\n\n<h2 class=\"wp-block-heading\">Da wird viel gelogen. Das n\u00fctzt der AfD.<\/h2>\n\n\n\n<p>Es ist, als ob man den Kindern hartn\u00e4ckig vom Weihnachtsmann erz\u00e4hlt, obwohl drau\u00dfen l\u00e4ngst andere Leute stehen, die ganz unterschiedlich sind. Aber ES MUSS DER WEIHNACHTSMANN SEIN!!1! Da wird viel gelogen, und auch Olaf Scholz l\u00fcgt, wenn er so tut, als l\u00e4ge die L\u00f6sung f\u00fcr alles was schwierig ist, in mehr Abschiebungen. Er l\u00fcgt, weil er nicht zugeben will, dass er die Migration nur begrenzt einschr\u00e4nken kann. Und das ist ein direkter Service f\u00fcr die AfD: Politiker_innen die die Migration begrenzen\/abstellen wollen, greifen ihre Themen auf. Und, was noch viel schlimmer ist: Politiker_innen, die unhaltbare Versprechungen machen oder wissentlich l\u00fcgen, best\u00e4tigen die W\u00e4hlerschaft direkt in ihrem Demokratieverst\u00e4ndnis. Das ist katastrophal. Der einzige Weg mit der AfD umzugehen, ist authentisch mit den Leuten zu reden. Nicht auf Podien, das wird nur ausgenutzt, aber im direkten Kontakt. Klar und ehrlich f\u00fcr das eintreten, was man selbst auch vertreten kann. Und f\u00fcr sinkende Fl\u00fcchtlingszahlen w\u00fcrde ich nicht meine Hand ins Feuer legen.<br><br>Wem traut ihr das zu? Ich werde schon wieder so m\u00fcde&#8230;<br><\/p>\n","protected":false},"excerpt":{"rendered":"<p>Olaf Scholz tut so, als k\u00f6nnen man die Herausforderungen der Migration mittels Abschiebungen negieren. Damit erweist er der AfD einen gro\u00dfen Dienst. Es ist besch\u00e4mend.<\/p>\n","protected":false},"author":2,"featured_media":1894,"comment_status":"open","ping_status":"open","sticky":false,"template":"","format":"standard","meta":{"footnotes":""},"categories":[82,75],"tags":[171,33,17,170,20],"class_list":["post-1891","post","type-post","status-publish","format-standard","has-post-thumbnail","hentry","category-alltag","category-politisches","tag-afd","tag-asyl","tag-gefluechtete","tag-olaf-scholz","tag-politik"],"_links":{"self":[{"href":"http:\/\/www.vanderhoffmann.de\/wp\/wp-json\/wp\/v2\/posts\/1891","targetHints":{"allow":["GET"]}}],"collection":[{"href":"http:\/\/www.vanderhoffmann.de\/wp\/wp-json\/wp\/v2\/posts"}],"about":[{"href":"http:\/\/www.vanderhoffmann.de\/wp\/wp-json\/wp\/v2\/types\/post"}],"author":[{"embeddable":true,"href":"http:\/\/www.vanderhoffmann.de\/wp\/wp-json\/wp\/v2\/users\/2"}],"replies":[{"embeddable":true,"href":"http:\/\/www.vanderhoffmann.de\/wp\/wp-json\/wp\/v2\/comments?post=1891"}],"version-history":[{"count":6,"href":"http:\/\/www.vanderhoffmann.de\/wp\/wp-json\/wp\/v2\/posts\/1891\/revisions"}],"predecessor-version":[{"id":1904,"href":"http:\/\/www.vanderhoffmann.de\/wp\/wp-json\/wp\/v2\/posts\/1891\/revisions\/1904"}],"wp:featuredmedia":[{"embeddable":true,"href":"http:\/\/www.vanderhoffmann.de\/wp\/wp-json\/wp\/v2\/media\/1894"}],"wp:attachment":[{"href":"http:\/\/www.vanderhoffmann.de\/wp\/wp-json\/wp\/v2\/media?parent=1891"}],"wp:term":[{"taxonomy":"category","embeddable":true,"href":"http:\/\/www.vanderhoffmann.de\/wp\/wp-json\/wp\/v2\/categories?post=1891"},{"taxonomy":"post_tag","embeddable":true,"href":"http:\/\/www.vanderhoffmann.de\/wp\/wp-json\/wp\/v2\/tags?post=1891"}],"curies":[{"name":"wp","href":"https:\/\/api.w.org\/{rel}","templated":true}]}}