{"id":1480,"date":"2019-07-26T17:59:53","date_gmt":"2019-07-26T15:59:53","guid":{"rendered":"http:\/\/vanderhoffmann.de\/wp\/?p=1480"},"modified":"2019-07-29T13:58:41","modified_gmt":"2019-07-29T11:58:41","slug":"gegen-die-schweinokalypse","status":"publish","type":"post","link":"http:\/\/www.vanderhoffmann.de\/wp\/2019\/07\/26\/gegen-die-schweinokalypse\/","title":{"rendered":"Gegen die Schweinokalypse"},"content":{"rendered":"<p><img loading=\"lazy\" decoding=\"async\" class=\"alignnone size-full wp-image-1487\" src=\"http:\/\/vanderhoffmann.de\/wp\/wp-content\/uploads\/2019\/07\/IMG_20190726_180834970.jpg\" width=\"3264\" height=\"2448\" srcset=\"http:\/\/www.vanderhoffmann.de\/wp\/wp-content\/uploads\/2019\/07\/IMG_20190726_180834970.jpg 3264w, http:\/\/www.vanderhoffmann.de\/wp\/wp-content\/uploads\/2019\/07\/IMG_20190726_180834970-300x225.jpg 300w, http:\/\/www.vanderhoffmann.de\/wp\/wp-content\/uploads\/2019\/07\/IMG_20190726_180834970-768x576.jpg 768w, http:\/\/www.vanderhoffmann.de\/wp\/wp-content\/uploads\/2019\/07\/IMG_20190726_180834970-1024x768.jpg 1024w, http:\/\/www.vanderhoffmann.de\/wp\/wp-content\/uploads\/2019\/07\/IMG_20190726_180834970-1200x900.jpg 1200w\" sizes=\"auto, (max-width: 709px) 85vw, (max-width: 909px) 67vw, (max-width: 1362px) 62vw, 840px\" \/><\/p>\n<p>&#8222;In #Leipzig gibt es einen #Kindergarten, der hat jetzt allen #Deutschen das #Schweinefleisch #verboten, sogar die #Gummib\u00e4rchen, weil da Schwein drinne ist, unm\u00f6glich, das deutsche Schnitzel ist in Gefahr #schnitzelingefahr und deshalb kommt da jetzt der #Poggenburg und dann gibt es eine #Spontandemo und es regt sich auch schon #Widerstand, 5000\u00a0 #Antifas wollen morgen zur #Gegendemo anreisen, sicher brennen dann wieder #Autos, wie so oft in der linksradikalen #S\u00fcdvorstadt, denn dann haben wir die magischen drei Zutaten f\u00fcr eine gute deutsch-s\u00e4chsische Geschichte zusammen: Schweinefleisch, Extremismus-Theorie und Autos. Juchei, so macht #Wahlkampf Spa\u00df!<\/p>\n<h4>#schnitzelingefahr<\/h4>\n<p>Ich erspare euch die tats\u00e4chlichen Fakten (hat die \u00fcberhaupt irgendjemand ver\u00f6ffentlicht?). Da ich neben besagten Kindertagesst\u00e4tten wohne habe ich die verschiedenen Ver\u00f6ffentlichungen verfolgt. Ich bin schwer genervt. Von diesem ganzen destruktiven Aufmerksamkeitskarussell, auf das alle Beteiligten immer wieder aufspringen. Ich versuche es mal konstruktiv: Was f\u00fcr ein Verhalten h\u00e4tte ich mir von allen Beteiligten gew\u00fcnscht?<\/p>\n<p>Die Kitas: Haben formal nichts falsch gemacht. Aber es w\u00e4re weitaus eleganter und aus demokratiep\u00e4dagogischer Warte sinnvoller gewesen, bei der Entscheidung \u00fcber das Essenangebot Angestellte, Eltern (und in meinem Traum sogar die Kinder) einzubeziehen. So, dass eine Entscheidung gef\u00e4llt wird, die auch alle mit tragen. Dann muss man n\u00e4mlich sp\u00e4ter keinen R\u00fcckzieher machen.<\/p>\n<p>Presse: So sie berichtet, h\u00e4lt sie sich an die Fakten. Spricht nicht von &#8222;Verbot&#8220;, wo keines existiert. Und nennt keine Ortsangaben, sprich: nicht die Adresse der Kita, wenn die Stimmung eh schon aufgeheizt ist.<\/p>\n<p>Nat\u00fcrlich k\u00f6nnte man sich auch entscheiden, dass andere Themen wichtiger sind &#8211; mit guten Gr\u00fcnden. Denn von einem Sommerloch kann dieses Jahr (leider) nicht die Rede sein&#8230;<\/p>\n<p>Politiker_innen und Parteien: siehe oben<\/p>\n<p>Poggenburg: Okay, hier f\u00e4llt es mir schwer, mir was Konstruktives auszudenken.<\/p>\n<h4>Einfach mal konstruktiv denken<\/h4>\n<p>Aber eigentlich ganz einfach: Ein paar gut vorbereitete Elternabende und eine \u00d6ffentlichkeit, die ihrer Verantwortung gerecht wird. Ist das so sehr zuviel verlangt?<\/p>\n<p>Idealistische Gr\u00fc\u00dfe&#8230; Ach, was wei\u00df ich denn.<\/p>\n","protected":false},"excerpt":{"rendered":"<p>&#8222;In #Leipzig gibt es einen #Kindergarten, der hat jetzt allen #Deutschen das #Schweinefleisch #verboten, sogar die #Gummib\u00e4rchen, weil da Schwein drinne ist, unm\u00f6glich, das deutsche Schnitzel ist in Gefahr #schnitzelingefahr und deshalb kommt da jetzt der #Poggenburg und dann gibt es eine #Spontandemo und es regt sich auch schon #Widerstand, 5000\u00a0 #Antifas wollen morgen zur &hellip; <a href=\"http:\/\/www.vanderhoffmann.de\/wp\/2019\/07\/26\/gegen-die-schweinokalypse\/\" class=\"more-link\"><span class=\"screen-reader-text\">\u201eGegen die Schweinokalypse\u201c<\/span> weiterlesen<\/a><\/p>\n","protected":false},"author":2,"featured_media":0,"comment_status":"open","ping_status":"open","sticky":false,"template":"","format":"standard","meta":{"footnotes":""},"categories":[76],"tags":[],"class_list":["post-1480","post","type-post","status-publish","format-standard","hentry","category-kunst-und-kuenstlich"],"_links":{"self":[{"href":"http:\/\/www.vanderhoffmann.de\/wp\/wp-json\/wp\/v2\/posts\/1480","targetHints":{"allow":["GET"]}}],"collection":[{"href":"http:\/\/www.vanderhoffmann.de\/wp\/wp-json\/wp\/v2\/posts"}],"about":[{"href":"http:\/\/www.vanderhoffmann.de\/wp\/wp-json\/wp\/v2\/types\/post"}],"author":[{"embeddable":true,"href":"http:\/\/www.vanderhoffmann.de\/wp\/wp-json\/wp\/v2\/users\/2"}],"replies":[{"embeddable":true,"href":"http:\/\/www.vanderhoffmann.de\/wp\/wp-json\/wp\/v2\/comments?post=1480"}],"version-history":[{"count":6,"href":"http:\/\/www.vanderhoffmann.de\/wp\/wp-json\/wp\/v2\/posts\/1480\/revisions"}],"predecessor-version":[{"id":1491,"href":"http:\/\/www.vanderhoffmann.de\/wp\/wp-json\/wp\/v2\/posts\/1480\/revisions\/1491"}],"wp:attachment":[{"href":"http:\/\/www.vanderhoffmann.de\/wp\/wp-json\/wp\/v2\/media?parent=1480"}],"wp:term":[{"taxonomy":"category","embeddable":true,"href":"http:\/\/www.vanderhoffmann.de\/wp\/wp-json\/wp\/v2\/categories?post=1480"},{"taxonomy":"post_tag","embeddable":true,"href":"http:\/\/www.vanderhoffmann.de\/wp\/wp-json\/wp\/v2\/tags?post=1480"}],"curies":[{"name":"wp","href":"https:\/\/api.w.org\/{rel}","templated":true}]}}