{"id":1007,"date":"2017-03-01T22:27:03","date_gmt":"2017-03-01T22:27:03","guid":{"rendered":"http:\/\/vanderhoffmann.de\/wp\/?p=1007"},"modified":"2017-03-01T22:28:48","modified_gmt":"2017-03-01T22:28:48","slug":"links-vom-aehem-huestel-februar","status":"publish","type":"post","link":"http:\/\/www.vanderhoffmann.de\/wp\/2017\/03\/01\/links-vom-aehem-huestel-februar\/","title":{"rendered":"Links vom, \u00e4hem, h\u00fcstel, Februar"},"content":{"rendered":"<p>Die Internet-Zeit bleibt knapp, vor allem, seit mein Kind zum Laptop-J\u00e4ger geworden ist. Dennoch: Hier ein paar Links der letzten Wochen:<\/p>\n<p>Jedes Jahr gibt es rund um den 13. Februar unsch\u00f6ne Bilder aus Dresden &#8211; die Erinnerung an die Bombardierung der Stadt wird von allerlei Mythen begleitet und von rechten Gruppen missbraucht. Deshalb bin ich einmal mehr stolz auf meinen Bruder, der als Historiker f\u00fcr das ZDF gearbeitet und in einem Live-Video fragen dazu beantwortet hat. So k\u00f6nnte auch Geschichtsunterricht in Schulen zu solchen Themen aussehen! Das Video k\u00f6nnt ihr nachtr\u00e4glich <a href=\"https:\/\/www.facebook.com\/ZDFheute\/videos\/10155066457960680\/?pnref=story\">hier<\/a> anschauen.<\/p>\n<p>Ziemlich h\u00e4ufig werde ich von Bekannten zu Details der Freiberuflichkeit befragt &#8211; eine etwas offiziellere Beratung k\u00f6nnt ihr bei <a href=\"http:\/\/www.mediafon.net\/ratgeber.php3?view=&amp;si=58a6db05d12c8&amp;lang=1\">mediafon<\/a> erhalten. \u00dcbrigens endlich mal ein Projekt, wo die Probleme mit der Umsatzsteuer vern\u00fcnftig erkl\u00e4rt werden; die meisten Interessenverb\u00e4nde gehen darauf gar nicht ein, weil wir K\u00fcnstler*innen in der Regel sowieso nicht genug verdienen. Wer das ver\u00e4ndern will, muss sich aber mit der Umsatzsteuer befassen!<\/p>\n<p>Seit ich in Elternzeit bin, h\u00f6re ich t\u00e4glich stundenlang DeutschlandRadio Kultur &#8211; sehr mag ich hier die Serie &#8222;Wurfsendung&#8220;. Zu dieser gibt es jetzt einen <a href=\"http:\/\/www.deutschlandradiokultur.de\/ton-sucht-bild.2847.de.html\">Kurzfilmwettbewerb<\/a>, und ich bin schon gespannt, was da zu sehen sein wird!<\/p>\n<p>Und zu guter letzt: Letzte Woche durfte ich auf <a href=\"http:\/\/kleinerdrei.org\/\">kleinerdrei<\/a> \u00fcber meine Erfahrungen mit der Arbeitsteilung in unserer Familie schreiben. Das viele gute Feedback auf <a href=\"http:\/\/kleinerdrei.org\/2017\/02\/lasst-uns-doch-einfach-in-ruhe-verhandeln\/\">den Artikel<\/a> hat mich sehr gefreut und angespornt, \u00f6fter mal was zu schreiben. Danke!<\/p>\n<p>&nbsp;<\/p>\n","protected":false},"excerpt":{"rendered":"<p>Die Internet-Zeit bleibt knapp, vor allem, seit mein Kind zum Laptop-J\u00e4ger geworden ist. Dennoch: Hier ein paar Links der letzten Wochen: Jedes Jahr gibt es rund um den 13. Februar unsch\u00f6ne Bilder aus Dresden &#8211; die Erinnerung an die Bombardierung der Stadt wird von allerlei Mythen begleitet und von rechten Gruppen missbraucht. Deshalb bin ich &hellip; <a href=\"http:\/\/www.vanderhoffmann.de\/wp\/2017\/03\/01\/links-vom-aehem-huestel-februar\/\" class=\"more-link\"><span class=\"screen-reader-text\">\u201eLinks vom, \u00e4hem, h\u00fcstel, Februar\u201c<\/span> weiterlesen<\/a><\/p>\n","protected":false},"author":2,"featured_media":0,"comment_status":"open","ping_status":"open","sticky":false,"template":"","format":"standard","meta":{"footnotes":""},"categories":[76],"tags":[52,25,49,50,51],"class_list":["post-1007","post","type-post","status-publish","format-standard","hentry","category-kunst-und-kuenstlich","tag-bloggen","tag-buerokratie","tag-empfehlungen","tag-film","tag-wettbewerb"],"_links":{"self":[{"href":"http:\/\/www.vanderhoffmann.de\/wp\/wp-json\/wp\/v2\/posts\/1007","targetHints":{"allow":["GET"]}}],"collection":[{"href":"http:\/\/www.vanderhoffmann.de\/wp\/wp-json\/wp\/v2\/posts"}],"about":[{"href":"http:\/\/www.vanderhoffmann.de\/wp\/wp-json\/wp\/v2\/types\/post"}],"author":[{"embeddable":true,"href":"http:\/\/www.vanderhoffmann.de\/wp\/wp-json\/wp\/v2\/users\/2"}],"replies":[{"embeddable":true,"href":"http:\/\/www.vanderhoffmann.de\/wp\/wp-json\/wp\/v2\/comments?post=1007"}],"version-history":[{"count":6,"href":"http:\/\/www.vanderhoffmann.de\/wp\/wp-json\/wp\/v2\/posts\/1007\/revisions"}],"predecessor-version":[{"id":1015,"href":"http:\/\/www.vanderhoffmann.de\/wp\/wp-json\/wp\/v2\/posts\/1007\/revisions\/1015"}],"wp:attachment":[{"href":"http:\/\/www.vanderhoffmann.de\/wp\/wp-json\/wp\/v2\/media?parent=1007"}],"wp:term":[{"taxonomy":"category","embeddable":true,"href":"http:\/\/www.vanderhoffmann.de\/wp\/wp-json\/wp\/v2\/categories?post=1007"},{"taxonomy":"post_tag","embeddable":true,"href":"http:\/\/www.vanderhoffmann.de\/wp\/wp-json\/wp\/v2\/tags?post=1007"}],"curies":[{"name":"wp","href":"https:\/\/api.w.org\/{rel}","templated":true}]}}